{"id":2029,"date":"2025-06-26T15:23:58","date_gmt":"2025-06-26T13:23:58","guid":{"rendered":"https:\/\/www.luxorr.lu\/unkategorisiert\/luxorr-wird-auf-der-walfer-bicherdeeg-am-15-und-16-november-2025-anwesend-sein\/"},"modified":"2025-07-14T18:14:53","modified_gmt":"2025-07-14T16:14:53","slug":"luxorr-wird-auf-der-walfer-bicherdeeg-am-15-und-16-november-2025-anwesend-sein","status":"publish","type":"post","link":"https:\/\/www.luxorr.lu\/de\/unkategorisiert\/luxorr-wird-auf-der-walfer-bicherdeeg-am-15-und-16-november-2025-anwesend-sein\/","title":{"rendered":"Luxorr wird auf der Walfer Bicherdeeg am 15. und 16. November 2025 anwesend sein."},"content":{"rendered":"\n<p>LUXORR wird auf der Walfer Bicherdeeg am 15. und 16. November 2025 anwesend sein.<\/p>\n\n<p>Weitere Informationen \u00fcber die gr\u00f6\u00dfte Buchmesse in Luxemburg finden Sie unter: <a href=\"https:\/\/bicherdeeg.lu\/fr\">https:\/\/bicherdeeg.lu\/fr<\/a><\/p>\n\n<p>Wir freuen uns, Sie an unserem Informationsstand begr\u00fc\u00dfen zu d\u00fcrfen.<\/p>\n","protected":false},"excerpt":{"rendered":"<p>LUXORR wird auf der Walfer Bicherdeeg am 15. und 16. November 2025 anwesend sein. Weitere Informationen \u00fcber die gr\u00f6\u00dfte Buchmesse in Luxemburg finden Sie unter: https:\/\/bicherdeeg.lu\/fr Wir freuen uns, Sie an unserem Informationsstand begr\u00fc\u00dfen zu d\u00fcrfen.<\/p>\n","protected":false},"author":1,"featured_media":1996,"comment_status":"closed","ping_status":"closed","sticky":false,"template":"","format":"standard","meta":{"footnotes":""},"categories":[10],"tags":[],"class_list":["post-2029","post","type-post","status-publish","format-standard","has-post-thumbnail","hentry","category-unkategorisiert"],"yoast_head":"<!-- This site is optimized with the Yoast SEO plugin v26.3 - https:\/\/yoast.com\/wordpress\/plugins\/seo\/ -->\n<title>Luxorr wird auf der Walfer Bicherdeeg am 15. und 16. November 2025 anwesend sein. - Luxorr<\/title>\n<meta name=\"robots\" content=\"index, follow, max-snippet:-1, max-image-preview:large, max-video-preview:-1\" \/>\n<link rel=\"canonical\" href=\"https:\/\/www.luxorr.lu\/de\/unkategorisiert\/luxorr-wird-auf-der-walfer-bicherdeeg-am-15-und-16-november-2025-anwesend-sein\/\" \/>\n<meta property=\"og:locale\" content=\"de_DE\" \/>\n<meta property=\"og:type\" content=\"article\" \/>\n<meta property=\"og:title\" content=\"Luxorr wird auf der Walfer Bicherdeeg am 15. und 16. November 2025 anwesend sein. - Luxorr\" \/>\n<meta property=\"og:description\" content=\"LUXORR wird auf der Walfer Bicherdeeg am 15. und 16. November 2025 anwesend sein. Weitere Informationen \u00fcber die gr\u00f6\u00dfte Buchmesse in Luxemburg finden Sie unter: https:\/\/bicherdeeg.lu\/fr Wir freuen uns, Sie an unserem Informationsstand begr\u00fc\u00dfen zu d\u00fcrfen.\" \/>\n<meta property=\"og:url\" content=\"https:\/\/www.luxorr.lu\/de\/unkategorisiert\/luxorr-wird-auf-der-walfer-bicherdeeg-am-15-und-16-november-2025-anwesend-sein\/\" \/>\n<meta property=\"og:site_name\" content=\"Luxorr\" \/>\n<meta property=\"article:published_time\" content=\"2025-06-26T13:23:58+00:00\" \/>\n<meta property=\"article:modified_time\" content=\"2025-07-14T16:14:53+00:00\" \/>\n<meta property=\"og:image\" content=\"https:\/\/www.luxorr.lu\/wp-content\/uploads\/2025\/06\/Walfer-Bicherdeeg.webp\" \/>\n\t<meta property=\"og:image:width\" content=\"900\" \/>\n\t<meta property=\"og:image:height\" content=\"600\" \/>\n\t<meta property=\"og:image:type\" content=\"image\/webp\" \/>\n<meta name=\"author\" content=\"admin\" \/>\n<meta name=\"twitter:card\" content=\"summary_large_image\" \/>\n<meta name=\"twitter:label1\" content=\"Verfasst von\" \/>\n\t<meta name=\"twitter:data1\" content=\"admin\" \/>\n<script type=\"application\/ld+json\" class=\"yoast-schema-graph\">{\"@context\":\"https:\/\/schema.org\",\"@graph\":[{\"@type\":\"Article\",\"@id\":\"https:\/\/www.luxorr.lu\/de\/unkategorisiert\/luxorr-wird-auf-der-walfer-bicherdeeg-am-15-und-16-november-2025-anwesend-sein\/#article\",\"isPartOf\":{\"@id\":\"https:\/\/www.luxorr.lu\/de\/unkategorisiert\/luxorr-wird-auf-der-walfer-bicherdeeg-am-15-und-16-november-2025-anwesend-sein\/\"},\"author\":{\"name\":\"admin\",\"@id\":\"https:\/\/www.luxorr.lu\/de\/#\/schema\/person\/790e3df858ae238c93cd05442a8a83f7\"},\"headline\":\"Luxorr wird auf der Walfer Bicherdeeg am 15. und 16. November 2025 anwesend sein.\",\"datePublished\":\"2025-06-26T13:23:58+00:00\",\"dateModified\":\"2025-07-14T16:14:53+00:00\",\"mainEntityOfPage\":{\"@id\":\"https:\/\/www.luxorr.lu\/de\/unkategorisiert\/luxorr-wird-auf-der-walfer-bicherdeeg-am-15-und-16-november-2025-anwesend-sein\/\"},\"wordCount\":50,\"publisher\":{\"@id\":\"https:\/\/www.luxorr.lu\/de\/#organization\"},\"image\":{\"@id\":\"https:\/\/www.luxorr.lu\/de\/unkategorisiert\/luxorr-wird-auf-der-walfer-bicherdeeg-am-15-und-16-november-2025-anwesend-sein\/#primaryimage\"},\"thumbnailUrl\":\"https:\/\/www.luxorr.lu\/wp-content\/uploads\/2025\/06\/Walfer-Bicherdeeg.webp\",\"articleSection\":[\"Unkategorisiert\"],\"inLanguage\":\"de\"},{\"@type\":\"WebPage\",\"@id\":\"https:\/\/www.luxorr.lu\/de\/unkategorisiert\/luxorr-wird-auf-der-walfer-bicherdeeg-am-15-und-16-november-2025-anwesend-sein\/\",\"url\":\"https:\/\/www.luxorr.lu\/de\/unkategorisiert\/luxorr-wird-auf-der-walfer-bicherdeeg-am-15-und-16-november-2025-anwesend-sein\/\",\"name\":\"Luxorr wird auf der Walfer Bicherdeeg am 15. und 16. November 2025 anwesend sein. - Luxorr\",\"isPartOf\":{\"@id\":\"https:\/\/www.luxorr.lu\/de\/#website\"},\"primaryImageOfPage\":{\"@id\":\"https:\/\/www.luxorr.lu\/de\/unkategorisiert\/luxorr-wird-auf-der-walfer-bicherdeeg-am-15-und-16-november-2025-anwesend-sein\/#primaryimage\"},\"image\":{\"@id\":\"https:\/\/www.luxorr.lu\/de\/unkategorisiert\/luxorr-wird-auf-der-walfer-bicherdeeg-am-15-und-16-november-2025-anwesend-sein\/#primaryimage\"},\"thumbnailUrl\":\"https:\/\/www.luxorr.lu\/wp-content\/uploads\/2025\/06\/Walfer-Bicherdeeg.webp\",\"datePublished\":\"2025-06-26T13:23:58+00:00\",\"dateModified\":\"2025-07-14T16:14:53+00:00\",\"breadcrumb\":{\"@id\":\"https:\/\/www.luxorr.lu\/de\/unkategorisiert\/luxorr-wird-auf-der-walfer-bicherdeeg-am-15-und-16-november-2025-anwesend-sein\/#breadcrumb\"},\"inLanguage\":\"de\",\"potentialAction\":[{\"@type\":\"ReadAction\",\"target\":[\"https:\/\/www.luxorr.lu\/de\/unkategorisiert\/luxorr-wird-auf-der-walfer-bicherdeeg-am-15-und-16-november-2025-anwesend-sein\/\"]}]},{\"@type\":\"ImageObject\",\"inLanguage\":\"de\",\"@id\":\"https:\/\/www.luxorr.lu\/de\/unkategorisiert\/luxorr-wird-auf-der-walfer-bicherdeeg-am-15-und-16-november-2025-anwesend-sein\/#primaryimage\",\"url\":\"https:\/\/www.luxorr.lu\/wp-content\/uploads\/2025\/06\/Walfer-Bicherdeeg.webp\",\"contentUrl\":\"https:\/\/www.luxorr.lu\/wp-content\/uploads\/2025\/06\/Walfer-Bicherdeeg.webp\",\"width\":900,\"height\":600,\"caption\":\"Walfer Bicherdeeg\"},{\"@type\":\"BreadcrumbList\",\"@id\":\"https:\/\/www.luxorr.lu\/de\/unkategorisiert\/luxorr-wird-auf-der-walfer-bicherdeeg-am-15-und-16-november-2025-anwesend-sein\/#breadcrumb\",\"itemListElement\":[{\"@type\":\"ListItem\",\"position\":1,\"name\":\"Accueil\",\"item\":\"https:\/\/www.luxorr.lu\/de\/homepage\/\"},{\"@type\":\"ListItem\",\"position\":2,\"name\":\"Luxorr wird auf der Walfer Bicherdeeg am 15. und 16. November 2025 anwesend sein.\"}]},{\"@type\":\"WebSite\",\"@id\":\"https:\/\/www.luxorr.lu\/de\/#website\",\"url\":\"https:\/\/www.luxorr.lu\/de\/\",\"name\":\"Luxorr\",\"description\":\"Luxembourg Organization For Reproduction Rights - ASBL\",\"publisher\":{\"@id\":\"https:\/\/www.luxorr.lu\/de\/#organization\"},\"potentialAction\":[{\"@type\":\"SearchAction\",\"target\":{\"@type\":\"EntryPoint\",\"urlTemplate\":\"https:\/\/www.luxorr.lu\/de\/?s={search_term_string}\"},\"query-input\":{\"@type\":\"PropertyValueSpecification\",\"valueRequired\":true,\"valueName\":\"search_term_string\"}}],\"inLanguage\":\"de\"},{\"@type\":\"Organization\",\"@id\":\"https:\/\/www.luxorr.lu\/de\/#organization\",\"name\":\"Luxorr\",\"url\":\"https:\/\/www.luxorr.lu\/de\/\",\"logo\":{\"@type\":\"ImageObject\",\"inLanguage\":\"de\",\"@id\":\"https:\/\/www.luxorr.lu\/de\/#\/schema\/logo\/image\/\",\"url\":\"https:\/\/www.luxorr.lu\/wp-content\/uploads\/2023\/08\/Luxorr-Logo.svg\",\"contentUrl\":\"https:\/\/www.luxorr.lu\/wp-content\/uploads\/2023\/08\/Luxorr-Logo.svg\",\"width\":327,\"height\":83,\"caption\":\"Luxorr\"},\"image\":{\"@id\":\"https:\/\/www.luxorr.lu\/de\/#\/schema\/logo\/image\/\"}},{\"@type\":\"Person\",\"@id\":\"https:\/\/www.luxorr.lu\/de\/#\/schema\/person\/790e3df858ae238c93cd05442a8a83f7\",\"name\":\"admin\",\"sameAs\":[\"https:\/\/www.luxorr.lu\"]}]}<\/script>\n<!-- \/ Yoast SEO plugin. -->","yoast_head_json":{"title":"Luxorr wird auf der Walfer Bicherdeeg am 15. und 16. November 2025 anwesend sein. - Luxorr","robots":{"index":"index","follow":"follow","max-snippet":"max-snippet:-1","max-image-preview":"max-image-preview:large","max-video-preview":"max-video-preview:-1"},"canonical":"https:\/\/www.luxorr.lu\/de\/unkategorisiert\/luxorr-wird-auf-der-walfer-bicherdeeg-am-15-und-16-november-2025-anwesend-sein\/","og_locale":"de_DE","og_type":"article","og_title":"Luxorr wird auf der Walfer Bicherdeeg am 15. und 16. November 2025 anwesend sein. - Luxorr","og_description":"LUXORR wird auf der Walfer Bicherdeeg am 15. und 16. November 2025 anwesend sein. Weitere Informationen \u00fcber die gr\u00f6\u00dfte Buchmesse in Luxemburg finden Sie unter: https:\/\/bicherdeeg.lu\/fr Wir freuen uns, Sie an unserem Informationsstand begr\u00fc\u00dfen zu d\u00fcrfen.","og_url":"https:\/\/www.luxorr.lu\/de\/unkategorisiert\/luxorr-wird-auf-der-walfer-bicherdeeg-am-15-und-16-november-2025-anwesend-sein\/","og_site_name":"Luxorr","article_published_time":"2025-06-26T13:23:58+00:00","article_modified_time":"2025-07-14T16:14:53+00:00","og_image":[{"width":900,"height":600,"url":"https:\/\/www.luxorr.lu\/wp-content\/uploads\/2025\/06\/Walfer-Bicherdeeg.webp","type":"image\/webp"}],"author":"admin","twitter_card":"summary_large_image","twitter_misc":{"Verfasst von":"admin"},"schema":{"@context":"https:\/\/schema.org","@graph":[{"@type":"Article","@id":"https:\/\/www.luxorr.lu\/de\/unkategorisiert\/luxorr-wird-auf-der-walfer-bicherdeeg-am-15-und-16-november-2025-anwesend-sein\/#article","isPartOf":{"@id":"https:\/\/www.luxorr.lu\/de\/unkategorisiert\/luxorr-wird-auf-der-walfer-bicherdeeg-am-15-und-16-november-2025-anwesend-sein\/"},"author":{"name":"admin","@id":"https:\/\/www.luxorr.lu\/de\/#\/schema\/person\/790e3df858ae238c93cd05442a8a83f7"},"headline":"Luxorr wird auf der Walfer Bicherdeeg am 15. und 16. November 2025 anwesend sein.","datePublished":"2025-06-26T13:23:58+00:00","dateModified":"2025-07-14T16:14:53+00:00","mainEntityOfPage":{"@id":"https:\/\/www.luxorr.lu\/de\/unkategorisiert\/luxorr-wird-auf-der-walfer-bicherdeeg-am-15-und-16-november-2025-anwesend-sein\/"},"wordCount":50,"publisher":{"@id":"https:\/\/www.luxorr.lu\/de\/#organization"},"image":{"@id":"https:\/\/www.luxorr.lu\/de\/unkategorisiert\/luxorr-wird-auf-der-walfer-bicherdeeg-am-15-und-16-november-2025-anwesend-sein\/#primaryimage"},"thumbnailUrl":"https:\/\/www.luxorr.lu\/wp-content\/uploads\/2025\/06\/Walfer-Bicherdeeg.webp","articleSection":["Unkategorisiert"],"inLanguage":"de"},{"@type":"WebPage","@id":"https:\/\/www.luxorr.lu\/de\/unkategorisiert\/luxorr-wird-auf-der-walfer-bicherdeeg-am-15-und-16-november-2025-anwesend-sein\/","url":"https:\/\/www.luxorr.lu\/de\/unkategorisiert\/luxorr-wird-auf-der-walfer-bicherdeeg-am-15-und-16-november-2025-anwesend-sein\/","name":"Luxorr wird auf der Walfer Bicherdeeg am 15. und 16. November 2025 anwesend sein. - Luxorr","isPartOf":{"@id":"https:\/\/www.luxorr.lu\/de\/#website"},"primaryImageOfPage":{"@id":"https:\/\/www.luxorr.lu\/de\/unkategorisiert\/luxorr-wird-auf-der-walfer-bicherdeeg-am-15-und-16-november-2025-anwesend-sein\/#primaryimage"},"image":{"@id":"https:\/\/www.luxorr.lu\/de\/unkategorisiert\/luxorr-wird-auf-der-walfer-bicherdeeg-am-15-und-16-november-2025-anwesend-sein\/#primaryimage"},"thumbnailUrl":"https:\/\/www.luxorr.lu\/wp-content\/uploads\/2025\/06\/Walfer-Bicherdeeg.webp","datePublished":"2025-06-26T13:23:58+00:00","dateModified":"2025-07-14T16:14:53+00:00","breadcrumb":{"@id":"https:\/\/www.luxorr.lu\/de\/unkategorisiert\/luxorr-wird-auf-der-walfer-bicherdeeg-am-15-und-16-november-2025-anwesend-sein\/#breadcrumb"},"inLanguage":"de","potentialAction":[{"@type":"ReadAction","target":["https:\/\/www.luxorr.lu\/de\/unkategorisiert\/luxorr-wird-auf-der-walfer-bicherdeeg-am-15-und-16-november-2025-anwesend-sein\/"]}]},{"@type":"ImageObject","inLanguage":"de","@id":"https:\/\/www.luxorr.lu\/de\/unkategorisiert\/luxorr-wird-auf-der-walfer-bicherdeeg-am-15-und-16-november-2025-anwesend-sein\/#primaryimage","url":"https:\/\/www.luxorr.lu\/wp-content\/uploads\/2025\/06\/Walfer-Bicherdeeg.webp","contentUrl":"https:\/\/www.luxorr.lu\/wp-content\/uploads\/2025\/06\/Walfer-Bicherdeeg.webp","width":900,"height":600,"caption":"Walfer Bicherdeeg"},{"@type":"BreadcrumbList","@id":"https:\/\/www.luxorr.lu\/de\/unkategorisiert\/luxorr-wird-auf-der-walfer-bicherdeeg-am-15-und-16-november-2025-anwesend-sein\/#breadcrumb","itemListElement":[{"@type":"ListItem","position":1,"name":"Accueil","item":"https:\/\/www.luxorr.lu\/de\/homepage\/"},{"@type":"ListItem","position":2,"name":"Luxorr wird auf der Walfer Bicherdeeg am 15. und 16. November 2025 anwesend sein."}]},{"@type":"WebSite","@id":"https:\/\/www.luxorr.lu\/de\/#website","url":"https:\/\/www.luxorr.lu\/de\/","name":"Luxorr","description":"Luxembourg Organization For Reproduction Rights - ASBL","publisher":{"@id":"https:\/\/www.luxorr.lu\/de\/#organization"},"potentialAction":[{"@type":"SearchAction","target":{"@type":"EntryPoint","urlTemplate":"https:\/\/www.luxorr.lu\/de\/?s={search_term_string}"},"query-input":{"@type":"PropertyValueSpecification","valueRequired":true,"valueName":"search_term_string"}}],"inLanguage":"de"},{"@type":"Organization","@id":"https:\/\/www.luxorr.lu\/de\/#organization","name":"Luxorr","url":"https:\/\/www.luxorr.lu\/de\/","logo":{"@type":"ImageObject","inLanguage":"de","@id":"https:\/\/www.luxorr.lu\/de\/#\/schema\/logo\/image\/","url":"https:\/\/www.luxorr.lu\/wp-content\/uploads\/2023\/08\/Luxorr-Logo.svg","contentUrl":"https:\/\/www.luxorr.lu\/wp-content\/uploads\/2023\/08\/Luxorr-Logo.svg","width":327,"height":83,"caption":"Luxorr"},"image":{"@id":"https:\/\/www.luxorr.lu\/de\/#\/schema\/logo\/image\/"}},{"@type":"Person","@id":"https:\/\/www.luxorr.lu\/de\/#\/schema\/person\/790e3df858ae238c93cd05442a8a83f7","name":"admin","sameAs":["https:\/\/www.luxorr.lu"]}]}},"_links":{"self":[{"href":"https:\/\/www.luxorr.lu\/de\/wp-json\/wp\/v2\/posts\/2029","targetHints":{"allow":["GET"]}}],"collection":[{"href":"https:\/\/www.luxorr.lu\/de\/wp-json\/wp\/v2\/posts"}],"about":[{"href":"https:\/\/www.luxorr.lu\/de\/wp-json\/wp\/v2\/types\/post"}],"author":[{"embeddable":true,"href":"https:\/\/www.luxorr.lu\/de\/wp-json\/wp\/v2\/users\/1"}],"replies":[{"embeddable":true,"href":"https:\/\/www.luxorr.lu\/de\/wp-json\/wp\/v2\/comments?post=2029"}],"version-history":[{"count":1,"href":"https:\/\/www.luxorr.lu\/de\/wp-json\/wp\/v2\/posts\/2029\/revisions"}],"predecessor-version":[{"id":2030,"href":"https:\/\/www.luxorr.lu\/de\/wp-json\/wp\/v2\/posts\/2029\/revisions\/2030"}],"wp:featuredmedia":[{"embeddable":true,"href":"https:\/\/www.luxorr.lu\/de\/wp-json\/wp\/v2\/media\/1996"}],"wp:attachment":[{"href":"https:\/\/www.luxorr.lu\/de\/wp-json\/wp\/v2\/media?parent=2029"}],"wp:term":[{"taxonomy":"category","embeddable":true,"href":"https:\/\/www.luxorr.lu\/de\/wp-json\/wp\/v2\/categories?post=2029"},{"taxonomy":"post_tag","embeddable":true,"href":"https:\/\/www.luxorr.lu\/de\/wp-json\/wp\/v2\/tags?post=2029"}],"curies":[{"name":"wp","href":"https:\/\/api.w.org\/{rel}","templated":true}]}}